{"id":995,"date":"2025-08-31T17:46:23","date_gmt":"2025-08-31T15:46:23","guid":{"rendered":"https:\/\/msc-pruem.de\/?p=995"},"modified":"2025-08-31T17:54:31","modified_gmt":"2025-08-31T15:54:31","slug":"besuch-beim-oldtimertreffen-2025-in-bleialf","status":"publish","type":"post","link":"https:\/\/msc-pruem.de\/index.php\/2025\/08\/31\/besuch-beim-oldtimertreffen-2025-in-bleialf\/","title":{"rendered":"Besuch beim Oldtimertreffen 2025 in Bleialf"},"content":{"rendered":"\n<p>Wir waren heute mit mehreren Oldtimern (Ford Granada, Lloyd Arabella, DKW F11 und Opel GT) zu Besuch bei unseren Freunden vom MSC Schneifel auf ihrem j\u00e4hrlichen Oldtimertreffen.<\/p>\n\n\n\n<p>Fotos vom Oldtimertreffen 2025 in Bleialf gibt es in unserem <a href=\"https:\/\/msc-pruem.de\/index.php\/fotoalbum\/\">Fotoalbum unter &#8222;Bleialf 2025&#8220;<\/a>.<\/p>\n\n\n\n<p><\/p>\n","protected":false},"excerpt":{"rendered":"<p>Wir waren heute mit mehreren Oldtimern (Ford Granada, Lloyd Arabella, DKW F11 und Opel GT) zu Besuch bei unseren Freunden vom MSC Schneifel auf ihrem j\u00e4hrlichen Oldtimertreffen. Fotos vom Oldtimertreffen 2025 in Bleialf gibt es in unserem Fotoalbum unter &#8222;Bleialf &hellip; <a href=\"https:\/\/msc-pruem.de\/index.php\/2025\/08\/31\/besuch-beim-oldtimertreffen-2025-in-bleialf\/\">Weiterlesen <span class=\"meta-nav\">&rarr;<\/span><\/a><\/p>\n","protected":false},"author":21,"featured_media":0,"comment_status":"open","ping_status":"closed","sticky":false,"template":"","format":"standard","meta":{"footnotes":""},"categories":[13],"tags":[],"class_list":["post-995","post","type-post","status-publish","format-standard","hentry","category-oldtimertreffen"],"yoast_head":"<!-- This site is optimized with the Yoast SEO plugin v27.5 - https:\/\/yoast.com\/product\/yoast-seo-wordpress\/ -->\n<title>Besuch beim Oldtimertreffen 2025 in Bleialf - MSC Pr\u00fcm<\/title>\n<meta name=\"robots\" content=\"index, follow, max-snippet:-1, max-image-preview:large, max-video-preview:-1\" \/>\n<link rel=\"canonical\" href=\"https:\/\/msc-pruem.de\/index.php\/2025\/08\/31\/besuch-beim-oldtimertreffen-2025-in-bleialf\/\" \/>\n<meta property=\"og:locale\" content=\"de_DE\" \/>\n<meta property=\"og:type\" content=\"article\" \/>\n<meta property=\"og:title\" content=\"Besuch beim Oldtimertreffen 2025 in Bleialf - MSC Pr\u00fcm\" \/>\n<meta property=\"og:description\" content=\"Wir waren heute mit mehreren Oldtimern (Ford Granada, Lloyd Arabella, DKW F11 und Opel GT) zu Besuch bei unseren Freunden vom MSC Schneifel auf ihrem\" \/>\n<meta property=\"og:url\" content=\"https:\/\/msc-pruem.de\/index.php\/2025\/08\/31\/besuch-beim-oldtimertreffen-2025-in-bleialf\/\" \/>\n<meta property=\"og:site_name\" content=\"MSC Pr\u00fcm\" \/>\n<meta property=\"article:publisher\" content=\"https:\/\/www.facebook.com\/groups\/353381200062358\" \/>\n<meta property=\"article:author\" content=\"https:\/\/www.facebook.com\/gkraemer3\" \/>\n<meta property=\"article:published_time\" content=\"2025-08-31T15:46:23+00:00\" \/>\n<meta property=\"article:modified_time\" content=\"2025-08-31T15:54:31+00:00\" \/>\n<meta name=\"author\" content=\"G\u00fcnter Kraemer\" \/>\n<meta name=\"twitter:card\" content=\"summary_large_image\" \/>\n<meta name=\"twitter:label1\" content=\"Verfasst von\" \/>\n\t<meta name=\"twitter:data1\" content=\"G\u00fcnter Kraemer\" \/>\n\t<meta name=\"twitter:label2\" content=\"Gesch\u00e4tzte Lesezeit\" \/>\n\t<meta name=\"twitter:data2\" content=\"1\u00a0Minute\" \/>\n<script type=\"application\/ld+json\" class=\"yoast-schema-graph\">{\"@context\":\"https:\\\/\\\/schema.org\",\"@graph\":[{\"@type\":\"Article\",\"@id\":\"https:\\\/\\\/msc-pruem.de\\\/index.php\\\/2025\\\/08\\\/31\\\/besuch-beim-oldtimertreffen-2025-in-bleialf\\\/#article\",\"isPartOf\":{\"@id\":\"https:\\\/\\\/msc-pruem.de\\\/index.php\\\/2025\\\/08\\\/31\\\/besuch-beim-oldtimertreffen-2025-in-bleialf\\\/\"},\"author\":{\"name\":\"G\u00fcnter Kraemer\",\"@id\":\"https:\\\/\\\/msc-pruem.de\\\/#\\\/schema\\\/person\\\/5a6ba274bd6494a405339d932653762e\"},\"headline\":\"Besuch beim Oldtimertreffen 2025 in Bleialf\",\"datePublished\":\"2025-08-31T15:46:23+00:00\",\"dateModified\":\"2025-08-31T15:54:31+00:00\",\"mainEntityOfPage\":{\"@id\":\"https:\\\/\\\/msc-pruem.de\\\/index.php\\\/2025\\\/08\\\/31\\\/besuch-beim-oldtimertreffen-2025-in-bleialf\\\/\"},\"wordCount\":45,\"commentCount\":0,\"publisher\":{\"@id\":\"https:\\\/\\\/msc-pruem.de\\\/#organization\"},\"articleSection\":[\"Oldtimertreffen\"],\"inLanguage\":\"de\",\"potentialAction\":[{\"@type\":\"CommentAction\",\"name\":\"Comment\",\"target\":[\"https:\\\/\\\/msc-pruem.de\\\/index.php\\\/2025\\\/08\\\/31\\\/besuch-beim-oldtimertreffen-2025-in-bleialf\\\/#respond\"]}]},{\"@type\":\"WebPage\",\"@id\":\"https:\\\/\\\/msc-pruem.de\\\/index.php\\\/2025\\\/08\\\/31\\\/besuch-beim-oldtimertreffen-2025-in-bleialf\\\/\",\"url\":\"https:\\\/\\\/msc-pruem.de\\\/index.php\\\/2025\\\/08\\\/31\\\/besuch-beim-oldtimertreffen-2025-in-bleialf\\\/\",\"name\":\"Besuch beim Oldtimertreffen 2025 in Bleialf - MSC Pr\u00fcm\",\"isPartOf\":{\"@id\":\"https:\\\/\\\/msc-pruem.de\\\/#website\"},\"datePublished\":\"2025-08-31T15:46:23+00:00\",\"dateModified\":\"2025-08-31T15:54:31+00:00\",\"breadcrumb\":{\"@id\":\"https:\\\/\\\/msc-pruem.de\\\/index.php\\\/2025\\\/08\\\/31\\\/besuch-beim-oldtimertreffen-2025-in-bleialf\\\/#breadcrumb\"},\"inLanguage\":\"de\",\"potentialAction\":[{\"@type\":\"ReadAction\",\"target\":[\"https:\\\/\\\/msc-pruem.de\\\/index.php\\\/2025\\\/08\\\/31\\\/besuch-beim-oldtimertreffen-2025-in-bleialf\\\/\"]}]},{\"@type\":\"BreadcrumbList\",\"@id\":\"https:\\\/\\\/msc-pruem.de\\\/index.php\\\/2025\\\/08\\\/31\\\/besuch-beim-oldtimertreffen-2025-in-bleialf\\\/#breadcrumb\",\"itemListElement\":[{\"@type\":\"ListItem\",\"position\":1,\"name\":\"Startseite\",\"item\":\"https:\\\/\\\/msc-pruem.de\\\/\"},{\"@type\":\"ListItem\",\"position\":2,\"name\":\"Besuch beim Oldtimertreffen 2025 in Bleialf\"}]},{\"@type\":\"WebSite\",\"@id\":\"https:\\\/\\\/msc-pruem.de\\\/#website\",\"url\":\"https:\\\/\\\/msc-pruem.de\\\/\",\"name\":\"MSC Pr\u00fcm\",\"description\":\"Die Info Seite des Motor Sport Club Pr\u00fcm e.V. im ADAC\",\"publisher\":{\"@id\":\"https:\\\/\\\/msc-pruem.de\\\/#organization\"},\"potentialAction\":[{\"@type\":\"SearchAction\",\"target\":{\"@type\":\"EntryPoint\",\"urlTemplate\":\"https:\\\/\\\/msc-pruem.de\\\/?s={search_term_string}\"},\"query-input\":{\"@type\":\"PropertyValueSpecification\",\"valueRequired\":true,\"valueName\":\"search_term_string\"}}],\"inLanguage\":\"de\"},{\"@type\":\"Organization\",\"@id\":\"https:\\\/\\\/msc-pruem.de\\\/#organization\",\"name\":\"MSC Pr\u00fcm\",\"url\":\"https:\\\/\\\/msc-pruem.de\\\/\",\"logo\":{\"@type\":\"ImageObject\",\"inLanguage\":\"de\",\"@id\":\"https:\\\/\\\/msc-pruem.de\\\/#\\\/schema\\\/logo\\\/image\\\/\",\"url\":\"https:\\\/\\\/sad-engelbart.92-205-58-59.plesk.page\\\/wp-content\\\/uploads\\\/2022\\\/04\\\/cache_2420128692.jpg\",\"contentUrl\":\"https:\\\/\\\/sad-engelbart.92-205-58-59.plesk.page\\\/wp-content\\\/uploads\\\/2022\\\/04\\\/cache_2420128692.jpg\",\"width\":152,\"height\":158,\"caption\":\"MSC Pr\u00fcm\"},\"image\":{\"@id\":\"https:\\\/\\\/msc-pruem.de\\\/#\\\/schema\\\/logo\\\/image\\\/\"},\"sameAs\":[\"https:\\\/\\\/www.facebook.com\\\/groups\\\/353381200062358\"]},{\"@type\":\"Person\",\"@id\":\"https:\\\/\\\/msc-pruem.de\\\/#\\\/schema\\\/person\\\/5a6ba274bd6494a405339d932653762e\",\"name\":\"G\u00fcnter Kraemer\",\"image\":{\"@type\":\"ImageObject\",\"inLanguage\":\"de\",\"@id\":\"https:\\\/\\\/msc-pruem.de\\\/wp-content\\\/uploads\\\/2025\\\/06\\\/Guenter_kl.jpg?d=https:\\\/\\\/msc-pruem.de\\\/wp-content\\\/plugins\\\/userswp\\\/assets\\\/images\\\/no_profile.png\",\"url\":\"https:\\\/\\\/msc-pruem.de\\\/wp-content\\\/uploads\\\/2025\\\/06\\\/Guenter_kl.jpg?d=https:\\\/\\\/msc-pruem.de\\\/wp-content\\\/plugins\\\/userswp\\\/assets\\\/images\\\/no_profile.png\",\"contentUrl\":\"https:\\\/\\\/msc-pruem.de\\\/wp-content\\\/uploads\\\/2025\\\/06\\\/Guenter_kl.jpg?d=https:\\\/\\\/msc-pruem.de\\\/wp-content\\\/plugins\\\/userswp\\\/assets\\\/images\\\/no_profile.png\",\"caption\":\"G\u00fcnter Kraemer\"},\"description\":\"1. Vorsitzender des MSC Pr\u00fcm e.V. im ADAC\",\"sameAs\":[\"https:\\\/\\\/www.facebook.com\\\/gkraemer3\"],\"url\":\"https:\\\/\\\/msc-pruem.de\\\/index.php\\\/profil\\\/gkraemer\\\/\"}]}<\/script>\n<!-- \/ Yoast SEO plugin. -->","yoast_head_json":{"title":"Besuch beim Oldtimertreffen 2025 in Bleialf - MSC Pr\u00fcm","robots":{"index":"index","follow":"follow","max-snippet":"max-snippet:-1","max-image-preview":"max-image-preview:large","max-video-preview":"max-video-preview:-1"},"canonical":"https:\/\/msc-pruem.de\/index.php\/2025\/08\/31\/besuch-beim-oldtimertreffen-2025-in-bleialf\/","og_locale":"de_DE","og_type":"article","og_title":"Besuch beim Oldtimertreffen 2025 in Bleialf - MSC Pr\u00fcm","og_description":"Wir waren heute mit mehreren Oldtimern (Ford Granada, Lloyd Arabella, DKW F11 und Opel GT) zu Besuch bei unseren Freunden vom MSC Schneifel auf ihrem","og_url":"https:\/\/msc-pruem.de\/index.php\/2025\/08\/31\/besuch-beim-oldtimertreffen-2025-in-bleialf\/","og_site_name":"MSC Pr\u00fcm","article_publisher":"https:\/\/www.facebook.com\/groups\/353381200062358","article_author":"https:\/\/www.facebook.com\/gkraemer3","article_published_time":"2025-08-31T15:46:23+00:00","article_modified_time":"2025-08-31T15:54:31+00:00","author":"G\u00fcnter Kraemer","twitter_card":"summary_large_image","twitter_misc":{"Verfasst von":"G\u00fcnter Kraemer","Gesch\u00e4tzte Lesezeit":"1\u00a0Minute"},"schema":{"@context":"https:\/\/schema.org","@graph":[{"@type":"Article","@id":"https:\/\/msc-pruem.de\/index.php\/2025\/08\/31\/besuch-beim-oldtimertreffen-2025-in-bleialf\/#article","isPartOf":{"@id":"https:\/\/msc-pruem.de\/index.php\/2025\/08\/31\/besuch-beim-oldtimertreffen-2025-in-bleialf\/"},"author":{"name":"G\u00fcnter Kraemer","@id":"https:\/\/msc-pruem.de\/#\/schema\/person\/5a6ba274bd6494a405339d932653762e"},"headline":"Besuch beim Oldtimertreffen 2025 in Bleialf","datePublished":"2025-08-31T15:46:23+00:00","dateModified":"2025-08-31T15:54:31+00:00","mainEntityOfPage":{"@id":"https:\/\/msc-pruem.de\/index.php\/2025\/08\/31\/besuch-beim-oldtimertreffen-2025-in-bleialf\/"},"wordCount":45,"commentCount":0,"publisher":{"@id":"https:\/\/msc-pruem.de\/#organization"},"articleSection":["Oldtimertreffen"],"inLanguage":"de","potentialAction":[{"@type":"CommentAction","name":"Comment","target":["https:\/\/msc-pruem.de\/index.php\/2025\/08\/31\/besuch-beim-oldtimertreffen-2025-in-bleialf\/#respond"]}]},{"@type":"WebPage","@id":"https:\/\/msc-pruem.de\/index.php\/2025\/08\/31\/besuch-beim-oldtimertreffen-2025-in-bleialf\/","url":"https:\/\/msc-pruem.de\/index.php\/2025\/08\/31\/besuch-beim-oldtimertreffen-2025-in-bleialf\/","name":"Besuch beim Oldtimertreffen 2025 in Bleialf - MSC Pr\u00fcm","isPartOf":{"@id":"https:\/\/msc-pruem.de\/#website"},"datePublished":"2025-08-31T15:46:23+00:00","dateModified":"2025-08-31T15:54:31+00:00","breadcrumb":{"@id":"https:\/\/msc-pruem.de\/index.php\/2025\/08\/31\/besuch-beim-oldtimertreffen-2025-in-bleialf\/#breadcrumb"},"inLanguage":"de","potentialAction":[{"@type":"ReadAction","target":["https:\/\/msc-pruem.de\/index.php\/2025\/08\/31\/besuch-beim-oldtimertreffen-2025-in-bleialf\/"]}]},{"@type":"BreadcrumbList","@id":"https:\/\/msc-pruem.de\/index.php\/2025\/08\/31\/besuch-beim-oldtimertreffen-2025-in-bleialf\/#breadcrumb","itemListElement":[{"@type":"ListItem","position":1,"name":"Startseite","item":"https:\/\/msc-pruem.de\/"},{"@type":"ListItem","position":2,"name":"Besuch beim Oldtimertreffen 2025 in Bleialf"}]},{"@type":"WebSite","@id":"https:\/\/msc-pruem.de\/#website","url":"https:\/\/msc-pruem.de\/","name":"MSC Pr\u00fcm","description":"Die Info Seite des Motor Sport Club Pr\u00fcm e.V. im ADAC","publisher":{"@id":"https:\/\/msc-pruem.de\/#organization"},"potentialAction":[{"@type":"SearchAction","target":{"@type":"EntryPoint","urlTemplate":"https:\/\/msc-pruem.de\/?s={search_term_string}"},"query-input":{"@type":"PropertyValueSpecification","valueRequired":true,"valueName":"search_term_string"}}],"inLanguage":"de"},{"@type":"Organization","@id":"https:\/\/msc-pruem.de\/#organization","name":"MSC Pr\u00fcm","url":"https:\/\/msc-pruem.de\/","logo":{"@type":"ImageObject","inLanguage":"de","@id":"https:\/\/msc-pruem.de\/#\/schema\/logo\/image\/","url":"https:\/\/sad-engelbart.92-205-58-59.plesk.page\/wp-content\/uploads\/2022\/04\/cache_2420128692.jpg","contentUrl":"https:\/\/sad-engelbart.92-205-58-59.plesk.page\/wp-content\/uploads\/2022\/04\/cache_2420128692.jpg","width":152,"height":158,"caption":"MSC Pr\u00fcm"},"image":{"@id":"https:\/\/msc-pruem.de\/#\/schema\/logo\/image\/"},"sameAs":["https:\/\/www.facebook.com\/groups\/353381200062358"]},{"@type":"Person","@id":"https:\/\/msc-pruem.de\/#\/schema\/person\/5a6ba274bd6494a405339d932653762e","name":"G\u00fcnter Kraemer","image":{"@type":"ImageObject","inLanguage":"de","@id":"https:\/\/msc-pruem.de\/wp-content\/uploads\/2025\/06\/Guenter_kl.jpg?d=https:\/\/msc-pruem.de\/wp-content\/plugins\/userswp\/assets\/images\/no_profile.png","url":"https:\/\/msc-pruem.de\/wp-content\/uploads\/2025\/06\/Guenter_kl.jpg?d=https:\/\/msc-pruem.de\/wp-content\/plugins\/userswp\/assets\/images\/no_profile.png","contentUrl":"https:\/\/msc-pruem.de\/wp-content\/uploads\/2025\/06\/Guenter_kl.jpg?d=https:\/\/msc-pruem.de\/wp-content\/plugins\/userswp\/assets\/images\/no_profile.png","caption":"G\u00fcnter Kraemer"},"description":"1. Vorsitzender des MSC Pr\u00fcm e.V. im ADAC","sameAs":["https:\/\/www.facebook.com\/gkraemer3"],"url":"https:\/\/msc-pruem.de\/index.php\/profil\/gkraemer\/"}]}},"_links":{"self":[{"href":"https:\/\/msc-pruem.de\/index.php\/wp-json\/wp\/v2\/posts\/995","targetHints":{"allow":["GET"]}}],"collection":[{"href":"https:\/\/msc-pruem.de\/index.php\/wp-json\/wp\/v2\/posts"}],"about":[{"href":"https:\/\/msc-pruem.de\/index.php\/wp-json\/wp\/v2\/types\/post"}],"author":[{"embeddable":true,"href":"https:\/\/msc-pruem.de\/index.php\/wp-json\/wp\/v2\/users\/21"}],"replies":[{"embeddable":true,"href":"https:\/\/msc-pruem.de\/index.php\/wp-json\/wp\/v2\/comments?post=995"}],"version-history":[{"count":4,"href":"https:\/\/msc-pruem.de\/index.php\/wp-json\/wp\/v2\/posts\/995\/revisions"}],"predecessor-version":[{"id":1000,"href":"https:\/\/msc-pruem.de\/index.php\/wp-json\/wp\/v2\/posts\/995\/revisions\/1000"}],"wp:attachment":[{"href":"https:\/\/msc-pruem.de\/index.php\/wp-json\/wp\/v2\/media?parent=995"}],"wp:term":[{"taxonomy":"category","embeddable":true,"href":"https:\/\/msc-pruem.de\/index.php\/wp-json\/wp\/v2\/categories?post=995"},{"taxonomy":"post_tag","embeddable":true,"href":"https:\/\/msc-pruem.de\/index.php\/wp-json\/wp\/v2\/tags?post=995"}],"curies":[{"name":"wp","href":"https:\/\/api.w.org\/{rel}","templated":true}]}}