{"id":971,"date":"2025-08-25T17:27:44","date_gmt":"2025-08-25T15:27:44","guid":{"rendered":"https:\/\/msc-pruem.de\/?p=971"},"modified":"2025-08-26T07:29:35","modified_gmt":"2025-08-26T05:29:35","slug":"der-msc-pruem-auf-streckenposten-bei-der-rallye-oberehe-am-23-08-2025","status":"publish","type":"post","link":"https:\/\/msc-pruem.de\/index.php\/2025\/08\/25\/der-msc-pruem-auf-streckenposten-bei-der-rallye-oberehe-am-23-08-2025\/","title":{"rendered":"Der MSC Pr\u00fcm auf Streckenposten bei der Rallye Oberehe am 23.08.2025"},"content":{"rendered":"\n<p>Der MSC Pr\u00fcm hatte sich mit 3 Personen als Streckenposten f\u00fcr die Rallye Oberehe gemeldet.<br>Wir wurden f\u00fcr die Wertungspr\u00fcfungen 1 und 4 eingeteilt, wobei der Streckenverlauf identisch war.<\/p>\n\n\n\n<p>Wir trafen gegen 10:00 Uhr am Startpunkt der WP in Oberehe-Stroheich ein, wo wir vom WP-Leiter eingewiesen wurden. Uns wurde der Streckenposten 14 zugeteilt. Dieser befand sich an einem Parkplatz, der als Schikane zu durchfahren war.<\/p>\n\n\n\n<figure class=\"wp-block-image size-full\"><img loading=\"lazy\" decoding=\"async\" width=\"720\" height=\"975\" src=\"https:\/\/msc-pruem.de\/wp-content\/uploads\/2025\/08\/Sicherheitsplan-1-4.png\" alt=\"\" class=\"wp-image-973\" srcset=\"https:\/\/msc-pruem.de\/wp-content\/uploads\/2025\/08\/Sicherheitsplan-1-4.png 720w, https:\/\/msc-pruem.de\/wp-content\/uploads\/2025\/08\/Sicherheitsplan-1-4-222x300.png 222w\" sizes=\"auto, (max-width: 720px) 100vw, 720px\" \/><figcaption class=\"wp-element-caption\">Die Karte ist ein Auszug aus dem &#8222;Handbuch Sportwart&#8220; des MSC Oberehe e.V. im ADAC und zeigt die Wertungspr\u00fcfungen 1 und 4.<\/figcaption><\/figure>\n\n\n\n<p>Nachdem wir unseren Posten bezogen hatten hie\u00df es zun\u00e4chst einmal warten. Der Start des ersten Vorausfahrzeuges war f\u00fcr 11:50 vorgesehen. Wir nutzten die Wartezeit um uns das Sportwart-Handbuch noch einmal anzusehen.<\/p>\n\n\n\n<p>P\u00fcnktlich um 11:50 h\u00f6rten wir das Motorenger\u00e4usch der Vorausfahrzeuge, die nochmal den Streckenzustand und die Streckenposten kontrollierten. Der Start der eigentlichen Wertungspr\u00fcfung erfolgte dann um 12:50.<\/p>\n\n\n\n<p>Zun\u00e4chst startete die Voraus-Gruppe, bestehend aus 30 historischen Fahrzeugen, die an dem vorangestellten &#8222;H&#8220; vor der Startnummer erkennbar waren.<br>Nachdem diese Fahrzeuge durch waren, startete die eigentliche Wertungspr\u00fcfung.<\/p>\n\n\n\n<p>Wir freuten uns nat\u00fcrlich ganz besonders auf die Durchfahrt unseres Clubmitglieds Patrick Fank mit seinem Copiloten Jens-Erik Brack auf seinem Citroen C2 R2 Max mit der Startnummer 51.<\/p>\n\n\n\n<figure class=\"wp-block-image size-large\"><img loading=\"lazy\" decoding=\"async\" width=\"1024\" height=\"714\" src=\"https:\/\/msc-pruem.de\/wp-content\/uploads\/2025\/08\/051_2_verkleinert-1024x714.jpg\" alt=\"\" class=\"wp-image-976\" srcset=\"https:\/\/msc-pruem.de\/wp-content\/uploads\/2025\/08\/051_2_verkleinert-1024x714.jpg 1024w, https:\/\/msc-pruem.de\/wp-content\/uploads\/2025\/08\/051_2_verkleinert-300x209.jpg 300w, https:\/\/msc-pruem.de\/wp-content\/uploads\/2025\/08\/051_2_verkleinert-768x535.jpg 768w, https:\/\/msc-pruem.de\/wp-content\/uploads\/2025\/08\/051_2_verkleinert-1536x1071.jpg 1536w, https:\/\/msc-pruem.de\/wp-content\/uploads\/2025\/08\/051_2_verkleinert-2048x1427.jpg 2048w\" sizes=\"auto, (max-width: 1024px) 100vw, 1024px\" \/><figcaption class=\"wp-element-caption\">Patrick bei der Durchfahrt an unserem Streckenposten<\/figcaption><\/figure>\n\n\n\n<p>Leider hatte Patrick nicht weit von unserem Posten einen Reifenschaden, der ihn weit zur\u00fcckwarf. Das war sehr schade f\u00fcr ihn, aber als wir ihn nach der Rallye auf dem Hillesheimer Viehmarkt trafen war er bereits wieder guter Dinge nach dem Motto &#8222;Nach der Rallye ist vor der Rallye&#8220;. <strong><em>Better luck next time<\/em><\/strong> von uns.<br>Trotz des Pechs mit dem Reifenschaden belegte Patrick von 30 gemeldeten Fahrzeugen in seiner Klasse noch einen respektablen 7. Platz.<\/p>\n\n\n\n<p>Man hatte uns, da wir ja blutige Anf\u00e4nger waren, einen eher ruhigen Posten zugewiesen und das zeigte sich auch w\u00e4hrend der Rallye. Wir hatten keinen besonderen Vorfall zu melden und alle Fahrzeuge durchfuhren die Schikane an unserem Posten ohne Probleme.<\/p>\n\n\n\n<p>Wir haben versucht, Fotos von allen durchfahrenden Fahrzeugen zu machen, aber &#8222;unser&#8220; Parkplatz ist von B\u00e4umen, einer Sitzgruppe und einem gro\u00dfen M\u00fclleimer ges\u00e4umt, die irgendwie immer im Weg waren.<br>Wir haben auch festgestellt, dass das Fotografieren von schnell vorbei rasenden Autos gar nicht so einfach ist. \ud83d\ude03<br>Es gibt aber trotzdem eine <a href=\"https:\/\/msc-pruem.de\/index.php\/bwg_gallery\/rallye-oberehe-2025\/\" target=\"_blank\" rel=\"noreferrer noopener\">Sammlung unserer Fotos in der Fotogalerie<\/a>.<\/p>\n\n\n\n<p><\/p>\n\n\n\n<p>Uns hat der Tag bei der Rallye Oberehe sehr viel Spa\u00df gemacht und nach unserer einhelligen Meinung sind wir beim n\u00e4chsten Mal wieder dabei. <\/p>\n\n\n\n<p>Auf YouTube gibt es eine gro\u00dfe Anzahl von spektakul\u00e4ren Videos der Rallye. Einfach mal nach &#8222;Oberehe 2025&#8220; suchen. Es gibt auch Onboard Videos von der WP 1-4. In einem davon ist bei Minute 3:09 auch die Durchfahrt an unserem Posten sch\u00f6n zu sehen. (<a href=\"https:\/\/www.youtube.com\/watch?v=bHjpxnbVnuU\" target=\"_blank\" rel=\"noreferrer noopener\">Onboard Rallye Oberehe 2025, WP4 &#8211; Tam Racing<\/a>). In diesen Videos (<a href=\"https:\/\/www.youtube.com\/watch?v=vta7oPLt8S8&amp;t=235s\" target=\"_blank\" rel=\"noreferrer noopener\">52 ADAC Rallye Oberehe 2025<\/a> Minute 24:54) und (<a href=\"https:\/\/www.youtube.com\/watch?v=_b4PBbdOFIM&amp;t=333s\" target=\"_blank\" rel=\"noreferrer noopener\">Rallye Oberehe 2025 | BIG CUTS and Maximum Attack by Neuville!<\/a> Minuten 5:31 und 8:14) ist auch unser Patrick in Aktion zu sehen.<\/p>\n\n\n\n<p><\/p>\n","protected":false},"excerpt":{"rendered":"<p>Der MSC Pr\u00fcm hatte sich mit 3 Personen als Streckenposten f\u00fcr die Rallye Oberehe gemeldet.Wir wurden f\u00fcr die Wertungspr\u00fcfungen 1 und 4 eingeteilt, wobei der Streckenverlauf identisch war. Wir trafen gegen 10:00 Uhr am Startpunkt der WP in Oberehe-Stroheich ein, &hellip; <a href=\"https:\/\/msc-pruem.de\/index.php\/2025\/08\/25\/der-msc-pruem-auf-streckenposten-bei-der-rallye-oberehe-am-23-08-2025\/\">Weiterlesen <span class=\"meta-nav\">&rarr;<\/span><\/a><\/p>\n","protected":false},"author":21,"featured_media":0,"comment_status":"open","ping_status":"closed","sticky":false,"template":"","format":"standard","meta":{"footnotes":""},"categories":[34],"tags":[],"class_list":["post-971","post","type-post","status-publish","format-standard","hentry","category-rennsport"],"yoast_head":"<!-- This site is optimized with the Yoast SEO plugin v27.5 - https:\/\/yoast.com\/product\/yoast-seo-wordpress\/ -->\n<title>Der MSC Pr\u00fcm auf Streckenposten bei der Rallye Oberehe am 23.08.2025 - MSC Pr\u00fcm<\/title>\n<meta name=\"robots\" content=\"index, follow, max-snippet:-1, max-image-preview:large, max-video-preview:-1\" \/>\n<link rel=\"canonical\" href=\"https:\/\/msc-pruem.de\/index.php\/2025\/08\/25\/der-msc-pruem-auf-streckenposten-bei-der-rallye-oberehe-am-23-08-2025\/\" \/>\n<meta property=\"og:locale\" content=\"de_DE\" \/>\n<meta property=\"og:type\" content=\"article\" \/>\n<meta property=\"og:title\" content=\"Der MSC Pr\u00fcm auf Streckenposten bei der Rallye Oberehe am 23.08.2025 - MSC Pr\u00fcm\" \/>\n<meta property=\"og:description\" content=\"Der MSC Pr\u00fcm hatte sich mit 3 Personen als Streckenposten f\u00fcr die Rallye Oberehe gemeldet.Wir wurden f\u00fcr die Wertungspr\u00fcfungen 1 und 4 eingeteilt,\" \/>\n<meta property=\"og:url\" content=\"https:\/\/msc-pruem.de\/index.php\/2025\/08\/25\/der-msc-pruem-auf-streckenposten-bei-der-rallye-oberehe-am-23-08-2025\/\" \/>\n<meta property=\"og:site_name\" content=\"MSC Pr\u00fcm\" \/>\n<meta property=\"article:publisher\" content=\"https:\/\/www.facebook.com\/groups\/353381200062358\" \/>\n<meta property=\"article:author\" content=\"https:\/\/www.facebook.com\/gkraemer3\" \/>\n<meta property=\"article:published_time\" content=\"2025-08-25T15:27:44+00:00\" \/>\n<meta property=\"article:modified_time\" content=\"2025-08-26T05:29:35+00:00\" \/>\n<meta property=\"og:image\" content=\"https:\/\/msc-pruem.de\/wp-content\/uploads\/2025\/08\/Sicherheitsplan-1-4.png\" \/>\n\t<meta property=\"og:image:width\" content=\"720\" \/>\n\t<meta property=\"og:image:height\" content=\"975\" \/>\n\t<meta property=\"og:image:type\" content=\"image\/png\" \/>\n<meta name=\"author\" content=\"G\u00fcnter Kraemer\" \/>\n<meta name=\"twitter:card\" content=\"summary_large_image\" \/>\n<meta name=\"twitter:label1\" content=\"Verfasst von\" \/>\n\t<meta name=\"twitter:data1\" content=\"G\u00fcnter Kraemer\" \/>\n\t<meta name=\"twitter:label2\" content=\"Gesch\u00e4tzte Lesezeit\" \/>\n\t<meta name=\"twitter:data2\" content=\"4\u00a0Minuten\" \/>\n<script type=\"application\/ld+json\" class=\"yoast-schema-graph\">{\"@context\":\"https:\\\/\\\/schema.org\",\"@graph\":[{\"@type\":\"Article\",\"@id\":\"https:\\\/\\\/msc-pruem.de\\\/index.php\\\/2025\\\/08\\\/25\\\/der-msc-pruem-auf-streckenposten-bei-der-rallye-oberehe-am-23-08-2025\\\/#article\",\"isPartOf\":{\"@id\":\"https:\\\/\\\/msc-pruem.de\\\/index.php\\\/2025\\\/08\\\/25\\\/der-msc-pruem-auf-streckenposten-bei-der-rallye-oberehe-am-23-08-2025\\\/\"},\"author\":{\"name\":\"G\u00fcnter Kraemer\",\"@id\":\"https:\\\/\\\/msc-pruem.de\\\/#\\\/schema\\\/person\\\/5a6ba274bd6494a405339d932653762e\"},\"headline\":\"Der MSC Pr\u00fcm auf Streckenposten bei der Rallye Oberehe am 23.08.2025\",\"datePublished\":\"2025-08-25T15:27:44+00:00\",\"dateModified\":\"2025-08-26T05:29:35+00:00\",\"mainEntityOfPage\":{\"@id\":\"https:\\\/\\\/msc-pruem.de\\\/index.php\\\/2025\\\/08\\\/25\\\/der-msc-pruem-auf-streckenposten-bei-der-rallye-oberehe-am-23-08-2025\\\/\"},\"wordCount\":501,\"commentCount\":0,\"publisher\":{\"@id\":\"https:\\\/\\\/msc-pruem.de\\\/#organization\"},\"image\":{\"@id\":\"https:\\\/\\\/msc-pruem.de\\\/index.php\\\/2025\\\/08\\\/25\\\/der-msc-pruem-auf-streckenposten-bei-der-rallye-oberehe-am-23-08-2025\\\/#primaryimage\"},\"thumbnailUrl\":\"https:\\\/\\\/msc-pruem.de\\\/wp-content\\\/uploads\\\/2025\\\/08\\\/Sicherheitsplan-1-4.png\",\"articleSection\":[\"Rennsport\"],\"inLanguage\":\"de\",\"potentialAction\":[{\"@type\":\"CommentAction\",\"name\":\"Comment\",\"target\":[\"https:\\\/\\\/msc-pruem.de\\\/index.php\\\/2025\\\/08\\\/25\\\/der-msc-pruem-auf-streckenposten-bei-der-rallye-oberehe-am-23-08-2025\\\/#respond\"]}]},{\"@type\":\"WebPage\",\"@id\":\"https:\\\/\\\/msc-pruem.de\\\/index.php\\\/2025\\\/08\\\/25\\\/der-msc-pruem-auf-streckenposten-bei-der-rallye-oberehe-am-23-08-2025\\\/\",\"url\":\"https:\\\/\\\/msc-pruem.de\\\/index.php\\\/2025\\\/08\\\/25\\\/der-msc-pruem-auf-streckenposten-bei-der-rallye-oberehe-am-23-08-2025\\\/\",\"name\":\"Der MSC Pr\u00fcm auf Streckenposten bei der Rallye Oberehe am 23.08.2025 - MSC Pr\u00fcm\",\"isPartOf\":{\"@id\":\"https:\\\/\\\/msc-pruem.de\\\/#website\"},\"primaryImageOfPage\":{\"@id\":\"https:\\\/\\\/msc-pruem.de\\\/index.php\\\/2025\\\/08\\\/25\\\/der-msc-pruem-auf-streckenposten-bei-der-rallye-oberehe-am-23-08-2025\\\/#primaryimage\"},\"image\":{\"@id\":\"https:\\\/\\\/msc-pruem.de\\\/index.php\\\/2025\\\/08\\\/25\\\/der-msc-pruem-auf-streckenposten-bei-der-rallye-oberehe-am-23-08-2025\\\/#primaryimage\"},\"thumbnailUrl\":\"https:\\\/\\\/msc-pruem.de\\\/wp-content\\\/uploads\\\/2025\\\/08\\\/Sicherheitsplan-1-4.png\",\"datePublished\":\"2025-08-25T15:27:44+00:00\",\"dateModified\":\"2025-08-26T05:29:35+00:00\",\"breadcrumb\":{\"@id\":\"https:\\\/\\\/msc-pruem.de\\\/index.php\\\/2025\\\/08\\\/25\\\/der-msc-pruem-auf-streckenposten-bei-der-rallye-oberehe-am-23-08-2025\\\/#breadcrumb\"},\"inLanguage\":\"de\",\"potentialAction\":[{\"@type\":\"ReadAction\",\"target\":[\"https:\\\/\\\/msc-pruem.de\\\/index.php\\\/2025\\\/08\\\/25\\\/der-msc-pruem-auf-streckenposten-bei-der-rallye-oberehe-am-23-08-2025\\\/\"]}]},{\"@type\":\"ImageObject\",\"inLanguage\":\"de\",\"@id\":\"https:\\\/\\\/msc-pruem.de\\\/index.php\\\/2025\\\/08\\\/25\\\/der-msc-pruem-auf-streckenposten-bei-der-rallye-oberehe-am-23-08-2025\\\/#primaryimage\",\"url\":\"https:\\\/\\\/msc-pruem.de\\\/wp-content\\\/uploads\\\/2025\\\/08\\\/Sicherheitsplan-1-4.png\",\"contentUrl\":\"https:\\\/\\\/msc-pruem.de\\\/wp-content\\\/uploads\\\/2025\\\/08\\\/Sicherheitsplan-1-4.png\",\"width\":720,\"height\":975},{\"@type\":\"BreadcrumbList\",\"@id\":\"https:\\\/\\\/msc-pruem.de\\\/index.php\\\/2025\\\/08\\\/25\\\/der-msc-pruem-auf-streckenposten-bei-der-rallye-oberehe-am-23-08-2025\\\/#breadcrumb\",\"itemListElement\":[{\"@type\":\"ListItem\",\"position\":1,\"name\":\"Startseite\",\"item\":\"https:\\\/\\\/msc-pruem.de\\\/\"},{\"@type\":\"ListItem\",\"position\":2,\"name\":\"Der MSC Pr\u00fcm auf Streckenposten bei der Rallye Oberehe am 23.08.2025\"}]},{\"@type\":\"WebSite\",\"@id\":\"https:\\\/\\\/msc-pruem.de\\\/#website\",\"url\":\"https:\\\/\\\/msc-pruem.de\\\/\",\"name\":\"MSC Pr\u00fcm\",\"description\":\"Die Info Seite des Motor Sport Club Pr\u00fcm e.V. im ADAC\",\"publisher\":{\"@id\":\"https:\\\/\\\/msc-pruem.de\\\/#organization\"},\"potentialAction\":[{\"@type\":\"SearchAction\",\"target\":{\"@type\":\"EntryPoint\",\"urlTemplate\":\"https:\\\/\\\/msc-pruem.de\\\/?s={search_term_string}\"},\"query-input\":{\"@type\":\"PropertyValueSpecification\",\"valueRequired\":true,\"valueName\":\"search_term_string\"}}],\"inLanguage\":\"de\"},{\"@type\":\"Organization\",\"@id\":\"https:\\\/\\\/msc-pruem.de\\\/#organization\",\"name\":\"MSC Pr\u00fcm\",\"url\":\"https:\\\/\\\/msc-pruem.de\\\/\",\"logo\":{\"@type\":\"ImageObject\",\"inLanguage\":\"de\",\"@id\":\"https:\\\/\\\/msc-pruem.de\\\/#\\\/schema\\\/logo\\\/image\\\/\",\"url\":\"https:\\\/\\\/sad-engelbart.92-205-58-59.plesk.page\\\/wp-content\\\/uploads\\\/2022\\\/04\\\/cache_2420128692.jpg\",\"contentUrl\":\"https:\\\/\\\/sad-engelbart.92-205-58-59.plesk.page\\\/wp-content\\\/uploads\\\/2022\\\/04\\\/cache_2420128692.jpg\",\"width\":152,\"height\":158,\"caption\":\"MSC Pr\u00fcm\"},\"image\":{\"@id\":\"https:\\\/\\\/msc-pruem.de\\\/#\\\/schema\\\/logo\\\/image\\\/\"},\"sameAs\":[\"https:\\\/\\\/www.facebook.com\\\/groups\\\/353381200062358\"]},{\"@type\":\"Person\",\"@id\":\"https:\\\/\\\/msc-pruem.de\\\/#\\\/schema\\\/person\\\/5a6ba274bd6494a405339d932653762e\",\"name\":\"G\u00fcnter Kraemer\",\"image\":{\"@type\":\"ImageObject\",\"inLanguage\":\"de\",\"@id\":\"https:\\\/\\\/msc-pruem.de\\\/wp-content\\\/uploads\\\/2025\\\/06\\\/Guenter_kl.jpg?d=https:\\\/\\\/msc-pruem.de\\\/wp-content\\\/plugins\\\/userswp\\\/assets\\\/images\\\/no_profile.png\",\"url\":\"https:\\\/\\\/msc-pruem.de\\\/wp-content\\\/uploads\\\/2025\\\/06\\\/Guenter_kl.jpg?d=https:\\\/\\\/msc-pruem.de\\\/wp-content\\\/plugins\\\/userswp\\\/assets\\\/images\\\/no_profile.png\",\"contentUrl\":\"https:\\\/\\\/msc-pruem.de\\\/wp-content\\\/uploads\\\/2025\\\/06\\\/Guenter_kl.jpg?d=https:\\\/\\\/msc-pruem.de\\\/wp-content\\\/plugins\\\/userswp\\\/assets\\\/images\\\/no_profile.png\",\"caption\":\"G\u00fcnter Kraemer\"},\"description\":\"1. Vorsitzender des MSC Pr\u00fcm e.V. im ADAC\",\"sameAs\":[\"https:\\\/\\\/www.facebook.com\\\/gkraemer3\"],\"url\":\"https:\\\/\\\/msc-pruem.de\\\/index.php\\\/profil\\\/gkraemer\\\/\"}]}<\/script>\n<!-- \/ Yoast SEO plugin. -->","yoast_head_json":{"title":"Der MSC Pr\u00fcm auf Streckenposten bei der Rallye Oberehe am 23.08.2025 - MSC Pr\u00fcm","robots":{"index":"index","follow":"follow","max-snippet":"max-snippet:-1","max-image-preview":"max-image-preview:large","max-video-preview":"max-video-preview:-1"},"canonical":"https:\/\/msc-pruem.de\/index.php\/2025\/08\/25\/der-msc-pruem-auf-streckenposten-bei-der-rallye-oberehe-am-23-08-2025\/","og_locale":"de_DE","og_type":"article","og_title":"Der MSC Pr\u00fcm auf Streckenposten bei der Rallye Oberehe am 23.08.2025 - MSC Pr\u00fcm","og_description":"Der MSC Pr\u00fcm hatte sich mit 3 Personen als Streckenposten f\u00fcr die Rallye Oberehe gemeldet.Wir wurden f\u00fcr die Wertungspr\u00fcfungen 1 und 4 eingeteilt,","og_url":"https:\/\/msc-pruem.de\/index.php\/2025\/08\/25\/der-msc-pruem-auf-streckenposten-bei-der-rallye-oberehe-am-23-08-2025\/","og_site_name":"MSC Pr\u00fcm","article_publisher":"https:\/\/www.facebook.com\/groups\/353381200062358","article_author":"https:\/\/www.facebook.com\/gkraemer3","article_published_time":"2025-08-25T15:27:44+00:00","article_modified_time":"2025-08-26T05:29:35+00:00","og_image":[{"width":720,"height":975,"url":"https:\/\/msc-pruem.de\/wp-content\/uploads\/2025\/08\/Sicherheitsplan-1-4.png","type":"image\/png"}],"author":"G\u00fcnter Kraemer","twitter_card":"summary_large_image","twitter_misc":{"Verfasst von":"G\u00fcnter Kraemer","Gesch\u00e4tzte Lesezeit":"4\u00a0Minuten"},"schema":{"@context":"https:\/\/schema.org","@graph":[{"@type":"Article","@id":"https:\/\/msc-pruem.de\/index.php\/2025\/08\/25\/der-msc-pruem-auf-streckenposten-bei-der-rallye-oberehe-am-23-08-2025\/#article","isPartOf":{"@id":"https:\/\/msc-pruem.de\/index.php\/2025\/08\/25\/der-msc-pruem-auf-streckenposten-bei-der-rallye-oberehe-am-23-08-2025\/"},"author":{"name":"G\u00fcnter Kraemer","@id":"https:\/\/msc-pruem.de\/#\/schema\/person\/5a6ba274bd6494a405339d932653762e"},"headline":"Der MSC Pr\u00fcm auf Streckenposten bei der Rallye Oberehe am 23.08.2025","datePublished":"2025-08-25T15:27:44+00:00","dateModified":"2025-08-26T05:29:35+00:00","mainEntityOfPage":{"@id":"https:\/\/msc-pruem.de\/index.php\/2025\/08\/25\/der-msc-pruem-auf-streckenposten-bei-der-rallye-oberehe-am-23-08-2025\/"},"wordCount":501,"commentCount":0,"publisher":{"@id":"https:\/\/msc-pruem.de\/#organization"},"image":{"@id":"https:\/\/msc-pruem.de\/index.php\/2025\/08\/25\/der-msc-pruem-auf-streckenposten-bei-der-rallye-oberehe-am-23-08-2025\/#primaryimage"},"thumbnailUrl":"https:\/\/msc-pruem.de\/wp-content\/uploads\/2025\/08\/Sicherheitsplan-1-4.png","articleSection":["Rennsport"],"inLanguage":"de","potentialAction":[{"@type":"CommentAction","name":"Comment","target":["https:\/\/msc-pruem.de\/index.php\/2025\/08\/25\/der-msc-pruem-auf-streckenposten-bei-der-rallye-oberehe-am-23-08-2025\/#respond"]}]},{"@type":"WebPage","@id":"https:\/\/msc-pruem.de\/index.php\/2025\/08\/25\/der-msc-pruem-auf-streckenposten-bei-der-rallye-oberehe-am-23-08-2025\/","url":"https:\/\/msc-pruem.de\/index.php\/2025\/08\/25\/der-msc-pruem-auf-streckenposten-bei-der-rallye-oberehe-am-23-08-2025\/","name":"Der MSC Pr\u00fcm auf Streckenposten bei der Rallye Oberehe am 23.08.2025 - MSC Pr\u00fcm","isPartOf":{"@id":"https:\/\/msc-pruem.de\/#website"},"primaryImageOfPage":{"@id":"https:\/\/msc-pruem.de\/index.php\/2025\/08\/25\/der-msc-pruem-auf-streckenposten-bei-der-rallye-oberehe-am-23-08-2025\/#primaryimage"},"image":{"@id":"https:\/\/msc-pruem.de\/index.php\/2025\/08\/25\/der-msc-pruem-auf-streckenposten-bei-der-rallye-oberehe-am-23-08-2025\/#primaryimage"},"thumbnailUrl":"https:\/\/msc-pruem.de\/wp-content\/uploads\/2025\/08\/Sicherheitsplan-1-4.png","datePublished":"2025-08-25T15:27:44+00:00","dateModified":"2025-08-26T05:29:35+00:00","breadcrumb":{"@id":"https:\/\/msc-pruem.de\/index.php\/2025\/08\/25\/der-msc-pruem-auf-streckenposten-bei-der-rallye-oberehe-am-23-08-2025\/#breadcrumb"},"inLanguage":"de","potentialAction":[{"@type":"ReadAction","target":["https:\/\/msc-pruem.de\/index.php\/2025\/08\/25\/der-msc-pruem-auf-streckenposten-bei-der-rallye-oberehe-am-23-08-2025\/"]}]},{"@type":"ImageObject","inLanguage":"de","@id":"https:\/\/msc-pruem.de\/index.php\/2025\/08\/25\/der-msc-pruem-auf-streckenposten-bei-der-rallye-oberehe-am-23-08-2025\/#primaryimage","url":"https:\/\/msc-pruem.de\/wp-content\/uploads\/2025\/08\/Sicherheitsplan-1-4.png","contentUrl":"https:\/\/msc-pruem.de\/wp-content\/uploads\/2025\/08\/Sicherheitsplan-1-4.png","width":720,"height":975},{"@type":"BreadcrumbList","@id":"https:\/\/msc-pruem.de\/index.php\/2025\/08\/25\/der-msc-pruem-auf-streckenposten-bei-der-rallye-oberehe-am-23-08-2025\/#breadcrumb","itemListElement":[{"@type":"ListItem","position":1,"name":"Startseite","item":"https:\/\/msc-pruem.de\/"},{"@type":"ListItem","position":2,"name":"Der MSC Pr\u00fcm auf Streckenposten bei der Rallye Oberehe am 23.08.2025"}]},{"@type":"WebSite","@id":"https:\/\/msc-pruem.de\/#website","url":"https:\/\/msc-pruem.de\/","name":"MSC Pr\u00fcm","description":"Die Info Seite des Motor Sport Club Pr\u00fcm e.V. im ADAC","publisher":{"@id":"https:\/\/msc-pruem.de\/#organization"},"potentialAction":[{"@type":"SearchAction","target":{"@type":"EntryPoint","urlTemplate":"https:\/\/msc-pruem.de\/?s={search_term_string}"},"query-input":{"@type":"PropertyValueSpecification","valueRequired":true,"valueName":"search_term_string"}}],"inLanguage":"de"},{"@type":"Organization","@id":"https:\/\/msc-pruem.de\/#organization","name":"MSC Pr\u00fcm","url":"https:\/\/msc-pruem.de\/","logo":{"@type":"ImageObject","inLanguage":"de","@id":"https:\/\/msc-pruem.de\/#\/schema\/logo\/image\/","url":"https:\/\/sad-engelbart.92-205-58-59.plesk.page\/wp-content\/uploads\/2022\/04\/cache_2420128692.jpg","contentUrl":"https:\/\/sad-engelbart.92-205-58-59.plesk.page\/wp-content\/uploads\/2022\/04\/cache_2420128692.jpg","width":152,"height":158,"caption":"MSC Pr\u00fcm"},"image":{"@id":"https:\/\/msc-pruem.de\/#\/schema\/logo\/image\/"},"sameAs":["https:\/\/www.facebook.com\/groups\/353381200062358"]},{"@type":"Person","@id":"https:\/\/msc-pruem.de\/#\/schema\/person\/5a6ba274bd6494a405339d932653762e","name":"G\u00fcnter Kraemer","image":{"@type":"ImageObject","inLanguage":"de","@id":"https:\/\/msc-pruem.de\/wp-content\/uploads\/2025\/06\/Guenter_kl.jpg?d=https:\/\/msc-pruem.de\/wp-content\/plugins\/userswp\/assets\/images\/no_profile.png","url":"https:\/\/msc-pruem.de\/wp-content\/uploads\/2025\/06\/Guenter_kl.jpg?d=https:\/\/msc-pruem.de\/wp-content\/plugins\/userswp\/assets\/images\/no_profile.png","contentUrl":"https:\/\/msc-pruem.de\/wp-content\/uploads\/2025\/06\/Guenter_kl.jpg?d=https:\/\/msc-pruem.de\/wp-content\/plugins\/userswp\/assets\/images\/no_profile.png","caption":"G\u00fcnter Kraemer"},"description":"1. Vorsitzender des MSC Pr\u00fcm e.V. im ADAC","sameAs":["https:\/\/www.facebook.com\/gkraemer3"],"url":"https:\/\/msc-pruem.de\/index.php\/profil\/gkraemer\/"}]}},"_links":{"self":[{"href":"https:\/\/msc-pruem.de\/index.php\/wp-json\/wp\/v2\/posts\/971","targetHints":{"allow":["GET"]}}],"collection":[{"href":"https:\/\/msc-pruem.de\/index.php\/wp-json\/wp\/v2\/posts"}],"about":[{"href":"https:\/\/msc-pruem.de\/index.php\/wp-json\/wp\/v2\/types\/post"}],"author":[{"embeddable":true,"href":"https:\/\/msc-pruem.de\/index.php\/wp-json\/wp\/v2\/users\/21"}],"replies":[{"embeddable":true,"href":"https:\/\/msc-pruem.de\/index.php\/wp-json\/wp\/v2\/comments?post=971"}],"version-history":[{"count":15,"href":"https:\/\/msc-pruem.de\/index.php\/wp-json\/wp\/v2\/posts\/971\/revisions"}],"predecessor-version":[{"id":991,"href":"https:\/\/msc-pruem.de\/index.php\/wp-json\/wp\/v2\/posts\/971\/revisions\/991"}],"wp:attachment":[{"href":"https:\/\/msc-pruem.de\/index.php\/wp-json\/wp\/v2\/media?parent=971"}],"wp:term":[{"taxonomy":"category","embeddable":true,"href":"https:\/\/msc-pruem.de\/index.php\/wp-json\/wp\/v2\/categories?post=971"},{"taxonomy":"post_tag","embeddable":true,"href":"https:\/\/msc-pruem.de\/index.php\/wp-json\/wp\/v2\/tags?post=971"}],"curies":[{"name":"wp","href":"https:\/\/api.w.org\/{rel}","templated":true}]}}