{"id":1040,"date":"2026-01-24T11:24:52","date_gmt":"2026-01-24T10:24:52","guid":{"rendered":"https:\/\/msc-pruem.de\/?p=1040"},"modified":"2026-01-24T11:30:32","modified_gmt":"2026-01-24T10:30:32","slug":"unsere-planungen-fuer-2026","status":"publish","type":"post","link":"https:\/\/msc-pruem.de\/index.php\/2026\/01\/24\/unsere-planungen-fuer-2026\/","title":{"rendered":"Unsere Planungen f\u00fcr 2026"},"content":{"rendered":"\n<p>Nachdem das neue Jahr bereits ein paar Wochen alt ist, m\u00f6chten wir Euch \u00fcber unsere Planungen f\u00fcr das Jahr 2026 informieren:<\/p>\n\n\n\n<p>Unser wichtigster Jahrestermin ist sicher wieder unser j\u00e4hrliches <strong>Old- und Youngtimer Treffen <\/strong>anl\u00e4sslich der Er\u00f6ffnung des Pr\u00fcmer Sommers. Es findet wie immer am letzten Sonntag im Juni, dem 28.06.2026, statt.<\/p>\n\n\n\n<p>Am Vortag, Samstag dem 27.06.2026, haben wir wieder eine Old- und Youngtimer Ausfahrt geplant. Die Tour wird in diesem Jahr etwas l\u00e4nger ausfallen (150 &#8211; 160 km), damit wir nicht bereits wieder am fr\u00fchen Nachmittag in Pr\u00fcm zur\u00fcck sind.<br><br>Die Anmeldeformulare sind freigeschaltet und sind <a href=\"https:\/\/msc-pruem.de\/index.php\/formulare\/\" type=\"page\" id=\"432\">hier <\/a><a href=\"https:\/\/msc-pruem.de\/index.php\/formulare\/\" type=\"page\" id=\"432\" target=\"_blank\" rel=\"noreferrer noopener\">zu <\/a><a href=\"https:\/\/msc-pruem.de\/index.php\/formulare\/\" type=\"page\" id=\"432\">finden<\/a>.<\/p>\n\n\n\n<p><strong>Des Weiteren haben wir f\u00fcr dieses Jahr drei Touren geplant:<\/strong><\/p>\n\n\n\n<ul class=\"wp-block-list\">\n<li>Im Fr\u00fchjahr eine Tour zum <a href=\"https:\/\/www.zylinderhaus.com\/\" target=\"_blank\" rel=\"noreferrer noopener\">Zylinderhaus in Bernkastel-Kues<\/a><\/li>\n\n\n\n<li>Nach den Sommerferien eine Fahrt zum <a href=\"https:\/\/www.flugausstellung.de\/\" target=\"_blank\" rel=\"noreferrer noopener\">Flugzeugmuseum in Hermeskeil<\/a><\/li>\n\n\n\n<li>Im Herbst eine Ausfahrt zur <a href=\"https:\/\/voelklinger-huette.org\/\" target=\"_blank\" rel=\"noreferrer noopener\">V\u00f6lklinger H\u00fctte<\/a><\/li>\n<\/ul>\n\n\n\n<p>Die Termine f\u00fcr die Touren werden rechtzeitig hier an dieser Stelle bekannt gegeben.<\/p>\n\n\n\n<p>Wir freuen uns darauf, Euch bei unseren Veranstaltungen wieder zahlreich begr\u00fc\u00dfen zu d\u00fcrfen.<\/p>\n\n\n\n<p><\/p>\n","protected":false},"excerpt":{"rendered":"<p>Nachdem das neue Jahr bereits ein paar Wochen alt ist, m\u00f6chten wir Euch \u00fcber unsere Planungen f\u00fcr das Jahr 2026 informieren: Unser wichtigster Jahrestermin ist sicher wieder unser j\u00e4hrliches Old- und Youngtimer Treffen anl\u00e4sslich der Er\u00f6ffnung des Pr\u00fcmer Sommers. Es &hellip; <a href=\"https:\/\/msc-pruem.de\/index.php\/2026\/01\/24\/unsere-planungen-fuer-2026\/\">Weiterlesen <span class=\"meta-nav\">&rarr;<\/span><\/a><\/p>\n","protected":false},"author":21,"featured_media":0,"comment_status":"open","ping_status":"closed","sticky":false,"template":"","format":"standard","meta":{"footnotes":""},"categories":[1],"tags":[],"class_list":["post-1040","post","type-post","status-publish","format-standard","hentry","category-uncategorized"],"yoast_head":"<!-- This site is optimized with the Yoast SEO plugin v27.5 - https:\/\/yoast.com\/product\/yoast-seo-wordpress\/ -->\n<title>Unsere Planungen f\u00fcr 2026 - MSC Pr\u00fcm<\/title>\n<meta name=\"robots\" content=\"index, follow, max-snippet:-1, max-image-preview:large, max-video-preview:-1\" \/>\n<link rel=\"canonical\" href=\"https:\/\/msc-pruem.de\/index.php\/2026\/01\/24\/unsere-planungen-fuer-2026\/\" \/>\n<meta property=\"og:locale\" content=\"de_DE\" \/>\n<meta property=\"og:type\" content=\"article\" \/>\n<meta property=\"og:title\" content=\"Unsere Planungen f\u00fcr 2026 - MSC Pr\u00fcm\" \/>\n<meta property=\"og:description\" content=\"Nachdem das neue Jahr bereits ein paar Wochen alt ist, m\u00f6chten wir Euch \u00fcber unsere Planungen f\u00fcr das Jahr 2026 informieren: Unser wichtigster Jahr\" \/>\n<meta property=\"og:url\" content=\"https:\/\/msc-pruem.de\/index.php\/2026\/01\/24\/unsere-planungen-fuer-2026\/\" \/>\n<meta property=\"og:site_name\" content=\"MSC Pr\u00fcm\" \/>\n<meta property=\"article:publisher\" content=\"https:\/\/www.facebook.com\/groups\/353381200062358\" \/>\n<meta property=\"article:author\" content=\"https:\/\/www.facebook.com\/gkraemer3\" \/>\n<meta property=\"article:published_time\" content=\"2026-01-24T10:24:52+00:00\" \/>\n<meta property=\"article:modified_time\" content=\"2026-01-24T10:30:32+00:00\" \/>\n<meta name=\"author\" content=\"G\u00fcnter Kraemer\" \/>\n<meta name=\"twitter:card\" content=\"summary_large_image\" \/>\n<meta name=\"twitter:label1\" content=\"Verfasst von\" \/>\n\t<meta name=\"twitter:data1\" content=\"G\u00fcnter Kraemer\" \/>\n\t<meta name=\"twitter:label2\" content=\"Gesch\u00e4tzte Lesezeit\" \/>\n\t<meta name=\"twitter:data2\" content=\"1\u00a0Minute\" \/>\n<script type=\"application\/ld+json\" class=\"yoast-schema-graph\">{\"@context\":\"https:\\\/\\\/schema.org\",\"@graph\":[{\"@type\":\"Article\",\"@id\":\"https:\\\/\\\/msc-pruem.de\\\/index.php\\\/2026\\\/01\\\/24\\\/unsere-planungen-fuer-2026\\\/#article\",\"isPartOf\":{\"@id\":\"https:\\\/\\\/msc-pruem.de\\\/index.php\\\/2026\\\/01\\\/24\\\/unsere-planungen-fuer-2026\\\/\"},\"author\":{\"name\":\"G\u00fcnter Kraemer\",\"@id\":\"https:\\\/\\\/msc-pruem.de\\\/#\\\/schema\\\/person\\\/5a6ba274bd6494a405339d932653762e\"},\"headline\":\"Unsere Planungen f\u00fcr 2026\",\"datePublished\":\"2026-01-24T10:24:52+00:00\",\"dateModified\":\"2026-01-24T10:30:32+00:00\",\"mainEntityOfPage\":{\"@id\":\"https:\\\/\\\/msc-pruem.de\\\/index.php\\\/2026\\\/01\\\/24\\\/unsere-planungen-fuer-2026\\\/\"},\"wordCount\":175,\"commentCount\":0,\"publisher\":{\"@id\":\"https:\\\/\\\/msc-pruem.de\\\/#organization\"},\"articleSection\":[\"Allgemeines\"],\"inLanguage\":\"de\",\"potentialAction\":[{\"@type\":\"CommentAction\",\"name\":\"Comment\",\"target\":[\"https:\\\/\\\/msc-pruem.de\\\/index.php\\\/2026\\\/01\\\/24\\\/unsere-planungen-fuer-2026\\\/#respond\"]}]},{\"@type\":\"WebPage\",\"@id\":\"https:\\\/\\\/msc-pruem.de\\\/index.php\\\/2026\\\/01\\\/24\\\/unsere-planungen-fuer-2026\\\/\",\"url\":\"https:\\\/\\\/msc-pruem.de\\\/index.php\\\/2026\\\/01\\\/24\\\/unsere-planungen-fuer-2026\\\/\",\"name\":\"Unsere Planungen f\u00fcr 2026 - MSC Pr\u00fcm\",\"isPartOf\":{\"@id\":\"https:\\\/\\\/msc-pruem.de\\\/#website\"},\"datePublished\":\"2026-01-24T10:24:52+00:00\",\"dateModified\":\"2026-01-24T10:30:32+00:00\",\"breadcrumb\":{\"@id\":\"https:\\\/\\\/msc-pruem.de\\\/index.php\\\/2026\\\/01\\\/24\\\/unsere-planungen-fuer-2026\\\/#breadcrumb\"},\"inLanguage\":\"de\",\"potentialAction\":[{\"@type\":\"ReadAction\",\"target\":[\"https:\\\/\\\/msc-pruem.de\\\/index.php\\\/2026\\\/01\\\/24\\\/unsere-planungen-fuer-2026\\\/\"]}]},{\"@type\":\"BreadcrumbList\",\"@id\":\"https:\\\/\\\/msc-pruem.de\\\/index.php\\\/2026\\\/01\\\/24\\\/unsere-planungen-fuer-2026\\\/#breadcrumb\",\"itemListElement\":[{\"@type\":\"ListItem\",\"position\":1,\"name\":\"Startseite\",\"item\":\"https:\\\/\\\/msc-pruem.de\\\/\"},{\"@type\":\"ListItem\",\"position\":2,\"name\":\"Unsere Planungen f\u00fcr 2026\"}]},{\"@type\":\"WebSite\",\"@id\":\"https:\\\/\\\/msc-pruem.de\\\/#website\",\"url\":\"https:\\\/\\\/msc-pruem.de\\\/\",\"name\":\"MSC Pr\u00fcm\",\"description\":\"Die Info Seite des Motor Sport Club Pr\u00fcm e.V. im ADAC\",\"publisher\":{\"@id\":\"https:\\\/\\\/msc-pruem.de\\\/#organization\"},\"potentialAction\":[{\"@type\":\"SearchAction\",\"target\":{\"@type\":\"EntryPoint\",\"urlTemplate\":\"https:\\\/\\\/msc-pruem.de\\\/?s={search_term_string}\"},\"query-input\":{\"@type\":\"PropertyValueSpecification\",\"valueRequired\":true,\"valueName\":\"search_term_string\"}}],\"inLanguage\":\"de\"},{\"@type\":\"Organization\",\"@id\":\"https:\\\/\\\/msc-pruem.de\\\/#organization\",\"name\":\"MSC Pr\u00fcm\",\"url\":\"https:\\\/\\\/msc-pruem.de\\\/\",\"logo\":{\"@type\":\"ImageObject\",\"inLanguage\":\"de\",\"@id\":\"https:\\\/\\\/msc-pruem.de\\\/#\\\/schema\\\/logo\\\/image\\\/\",\"url\":\"https:\\\/\\\/sad-engelbart.92-205-58-59.plesk.page\\\/wp-content\\\/uploads\\\/2022\\\/04\\\/cache_2420128692.jpg\",\"contentUrl\":\"https:\\\/\\\/sad-engelbart.92-205-58-59.plesk.page\\\/wp-content\\\/uploads\\\/2022\\\/04\\\/cache_2420128692.jpg\",\"width\":152,\"height\":158,\"caption\":\"MSC Pr\u00fcm\"},\"image\":{\"@id\":\"https:\\\/\\\/msc-pruem.de\\\/#\\\/schema\\\/logo\\\/image\\\/\"},\"sameAs\":[\"https:\\\/\\\/www.facebook.com\\\/groups\\\/353381200062358\"]},{\"@type\":\"Person\",\"@id\":\"https:\\\/\\\/msc-pruem.de\\\/#\\\/schema\\\/person\\\/5a6ba274bd6494a405339d932653762e\",\"name\":\"G\u00fcnter Kraemer\",\"image\":{\"@type\":\"ImageObject\",\"inLanguage\":\"de\",\"@id\":\"https:\\\/\\\/msc-pruem.de\\\/wp-content\\\/uploads\\\/2025\\\/06\\\/Guenter_kl.jpg?d=https:\\\/\\\/msc-pruem.de\\\/wp-content\\\/plugins\\\/userswp\\\/assets\\\/images\\\/no_profile.png\",\"url\":\"https:\\\/\\\/msc-pruem.de\\\/wp-content\\\/uploads\\\/2025\\\/06\\\/Guenter_kl.jpg?d=https:\\\/\\\/msc-pruem.de\\\/wp-content\\\/plugins\\\/userswp\\\/assets\\\/images\\\/no_profile.png\",\"contentUrl\":\"https:\\\/\\\/msc-pruem.de\\\/wp-content\\\/uploads\\\/2025\\\/06\\\/Guenter_kl.jpg?d=https:\\\/\\\/msc-pruem.de\\\/wp-content\\\/plugins\\\/userswp\\\/assets\\\/images\\\/no_profile.png\",\"caption\":\"G\u00fcnter Kraemer\"},\"description\":\"1. Vorsitzender des MSC Pr\u00fcm e.V. im ADAC\",\"sameAs\":[\"https:\\\/\\\/www.facebook.com\\\/gkraemer3\"],\"url\":\"https:\\\/\\\/msc-pruem.de\\\/index.php\\\/profil\\\/gkraemer\\\/\"}]}<\/script>\n<!-- \/ Yoast SEO plugin. -->","yoast_head_json":{"title":"Unsere Planungen f\u00fcr 2026 - MSC Pr\u00fcm","robots":{"index":"index","follow":"follow","max-snippet":"max-snippet:-1","max-image-preview":"max-image-preview:large","max-video-preview":"max-video-preview:-1"},"canonical":"https:\/\/msc-pruem.de\/index.php\/2026\/01\/24\/unsere-planungen-fuer-2026\/","og_locale":"de_DE","og_type":"article","og_title":"Unsere Planungen f\u00fcr 2026 - MSC Pr\u00fcm","og_description":"Nachdem das neue Jahr bereits ein paar Wochen alt ist, m\u00f6chten wir Euch \u00fcber unsere Planungen f\u00fcr das Jahr 2026 informieren: Unser wichtigster Jahr","og_url":"https:\/\/msc-pruem.de\/index.php\/2026\/01\/24\/unsere-planungen-fuer-2026\/","og_site_name":"MSC Pr\u00fcm","article_publisher":"https:\/\/www.facebook.com\/groups\/353381200062358","article_author":"https:\/\/www.facebook.com\/gkraemer3","article_published_time":"2026-01-24T10:24:52+00:00","article_modified_time":"2026-01-24T10:30:32+00:00","author":"G\u00fcnter Kraemer","twitter_card":"summary_large_image","twitter_misc":{"Verfasst von":"G\u00fcnter Kraemer","Gesch\u00e4tzte Lesezeit":"1\u00a0Minute"},"schema":{"@context":"https:\/\/schema.org","@graph":[{"@type":"Article","@id":"https:\/\/msc-pruem.de\/index.php\/2026\/01\/24\/unsere-planungen-fuer-2026\/#article","isPartOf":{"@id":"https:\/\/msc-pruem.de\/index.php\/2026\/01\/24\/unsere-planungen-fuer-2026\/"},"author":{"name":"G\u00fcnter Kraemer","@id":"https:\/\/msc-pruem.de\/#\/schema\/person\/5a6ba274bd6494a405339d932653762e"},"headline":"Unsere Planungen f\u00fcr 2026","datePublished":"2026-01-24T10:24:52+00:00","dateModified":"2026-01-24T10:30:32+00:00","mainEntityOfPage":{"@id":"https:\/\/msc-pruem.de\/index.php\/2026\/01\/24\/unsere-planungen-fuer-2026\/"},"wordCount":175,"commentCount":0,"publisher":{"@id":"https:\/\/msc-pruem.de\/#organization"},"articleSection":["Allgemeines"],"inLanguage":"de","potentialAction":[{"@type":"CommentAction","name":"Comment","target":["https:\/\/msc-pruem.de\/index.php\/2026\/01\/24\/unsere-planungen-fuer-2026\/#respond"]}]},{"@type":"WebPage","@id":"https:\/\/msc-pruem.de\/index.php\/2026\/01\/24\/unsere-planungen-fuer-2026\/","url":"https:\/\/msc-pruem.de\/index.php\/2026\/01\/24\/unsere-planungen-fuer-2026\/","name":"Unsere Planungen f\u00fcr 2026 - MSC Pr\u00fcm","isPartOf":{"@id":"https:\/\/msc-pruem.de\/#website"},"datePublished":"2026-01-24T10:24:52+00:00","dateModified":"2026-01-24T10:30:32+00:00","breadcrumb":{"@id":"https:\/\/msc-pruem.de\/index.php\/2026\/01\/24\/unsere-planungen-fuer-2026\/#breadcrumb"},"inLanguage":"de","potentialAction":[{"@type":"ReadAction","target":["https:\/\/msc-pruem.de\/index.php\/2026\/01\/24\/unsere-planungen-fuer-2026\/"]}]},{"@type":"BreadcrumbList","@id":"https:\/\/msc-pruem.de\/index.php\/2026\/01\/24\/unsere-planungen-fuer-2026\/#breadcrumb","itemListElement":[{"@type":"ListItem","position":1,"name":"Startseite","item":"https:\/\/msc-pruem.de\/"},{"@type":"ListItem","position":2,"name":"Unsere Planungen f\u00fcr 2026"}]},{"@type":"WebSite","@id":"https:\/\/msc-pruem.de\/#website","url":"https:\/\/msc-pruem.de\/","name":"MSC Pr\u00fcm","description":"Die Info Seite des Motor Sport Club Pr\u00fcm e.V. im ADAC","publisher":{"@id":"https:\/\/msc-pruem.de\/#organization"},"potentialAction":[{"@type":"SearchAction","target":{"@type":"EntryPoint","urlTemplate":"https:\/\/msc-pruem.de\/?s={search_term_string}"},"query-input":{"@type":"PropertyValueSpecification","valueRequired":true,"valueName":"search_term_string"}}],"inLanguage":"de"},{"@type":"Organization","@id":"https:\/\/msc-pruem.de\/#organization","name":"MSC Pr\u00fcm","url":"https:\/\/msc-pruem.de\/","logo":{"@type":"ImageObject","inLanguage":"de","@id":"https:\/\/msc-pruem.de\/#\/schema\/logo\/image\/","url":"https:\/\/sad-engelbart.92-205-58-59.plesk.page\/wp-content\/uploads\/2022\/04\/cache_2420128692.jpg","contentUrl":"https:\/\/sad-engelbart.92-205-58-59.plesk.page\/wp-content\/uploads\/2022\/04\/cache_2420128692.jpg","width":152,"height":158,"caption":"MSC Pr\u00fcm"},"image":{"@id":"https:\/\/msc-pruem.de\/#\/schema\/logo\/image\/"},"sameAs":["https:\/\/www.facebook.com\/groups\/353381200062358"]},{"@type":"Person","@id":"https:\/\/msc-pruem.de\/#\/schema\/person\/5a6ba274bd6494a405339d932653762e","name":"G\u00fcnter Kraemer","image":{"@type":"ImageObject","inLanguage":"de","@id":"https:\/\/msc-pruem.de\/wp-content\/uploads\/2025\/06\/Guenter_kl.jpg?d=https:\/\/msc-pruem.de\/wp-content\/plugins\/userswp\/assets\/images\/no_profile.png","url":"https:\/\/msc-pruem.de\/wp-content\/uploads\/2025\/06\/Guenter_kl.jpg?d=https:\/\/msc-pruem.de\/wp-content\/plugins\/userswp\/assets\/images\/no_profile.png","contentUrl":"https:\/\/msc-pruem.de\/wp-content\/uploads\/2025\/06\/Guenter_kl.jpg?d=https:\/\/msc-pruem.de\/wp-content\/plugins\/userswp\/assets\/images\/no_profile.png","caption":"G\u00fcnter Kraemer"},"description":"1. Vorsitzender des MSC Pr\u00fcm e.V. im ADAC","sameAs":["https:\/\/www.facebook.com\/gkraemer3"],"url":"https:\/\/msc-pruem.de\/index.php\/profil\/gkraemer\/"}]}},"_links":{"self":[{"href":"https:\/\/msc-pruem.de\/index.php\/wp-json\/wp\/v2\/posts\/1040","targetHints":{"allow":["GET"]}}],"collection":[{"href":"https:\/\/msc-pruem.de\/index.php\/wp-json\/wp\/v2\/posts"}],"about":[{"href":"https:\/\/msc-pruem.de\/index.php\/wp-json\/wp\/v2\/types\/post"}],"author":[{"embeddable":true,"href":"https:\/\/msc-pruem.de\/index.php\/wp-json\/wp\/v2\/users\/21"}],"replies":[{"embeddable":true,"href":"https:\/\/msc-pruem.de\/index.php\/wp-json\/wp\/v2\/comments?post=1040"}],"version-history":[{"count":4,"href":"https:\/\/msc-pruem.de\/index.php\/wp-json\/wp\/v2\/posts\/1040\/revisions"}],"predecessor-version":[{"id":1047,"href":"https:\/\/msc-pruem.de\/index.php\/wp-json\/wp\/v2\/posts\/1040\/revisions\/1047"}],"wp:attachment":[{"href":"https:\/\/msc-pruem.de\/index.php\/wp-json\/wp\/v2\/media?parent=1040"}],"wp:term":[{"taxonomy":"category","embeddable":true,"href":"https:\/\/msc-pruem.de\/index.php\/wp-json\/wp\/v2\/categories?post=1040"},{"taxonomy":"post_tag","embeddable":true,"href":"https:\/\/msc-pruem.de\/index.php\/wp-json\/wp\/v2\/tags?post=1040"}],"curies":[{"name":"wp","href":"https:\/\/api.w.org\/{rel}","templated":true}]}}